{"id":25708,"date":"2026-07-17T11:23:18","date_gmt":"2026-07-17T09:23:18","guid":{"rendered":"https:\/\/tma.es\/?p=25708"},"modified":"2026-07-17T11:23:18","modified_gmt":"2026-07-17T09:23:18","slug":"gestio-residus-edar-vilafranca-penedes","status":"publish","type":"post","link":"https:\/\/tma.es\/ca\/gestio-residus-edar-vilafranca-penedes\/","title":{"rendered":"Gesti\u00f3 dels residus a la depuradora de Vilafranca del Pened\u00e8s per a un funcionament segur, sense interrupcions i amb beneficis per a la ciutat"},"content":{"rendered":"<p>La gesti\u00f3 dels residus generats en una estaci\u00f3 depuradora d&#8217;aig\u00fces residuals (EDAR o depuradora) \u00e9s una activitat essencial per al funcionament correcte del sistema de sanejament. Tot i que \u00e9s un proc\u00e9s poc visible, el seu impacte \u00e9s directe en l&#8217;efici\u00e8ncia operativa, la protecci\u00f3 ambiental i la continu\u00eftat del servei p\u00fablic de l&#8217;aigua.<\/p>\n<p>En aquest context, <strong>TMA ha estat adjudicat\u00e0ria del servei de recollida, transport i gesti\u00f3 dels residus del pretractament de l&#8217;EDAR de Vilafranca del Pened\u00e8s<\/strong> (gestionada per la Mancomunitat Pened\u00e8s Garraf), assumint la responsabilitat de <strong>garantir una operativa segura, tra\u00e7able i conforme a la normativa vigent.<\/strong><\/p>\n<p>En el cas de Vilafranca, aquesta gesti\u00f3 adquireix una rellev\u00e0ncia estrat\u00e8gica degut a la complexitat de la xarxa de sanejament, l&#8217;activitat industrial i urbana del territori i la necessitat de garantir una resposta eficient davant de variacions de cabal o episodis de pluja.<\/p>\n<p>En aquest context, TMA presta el <strong>servei de recollida, transport i gesti\u00f3 dels residus generats al pretractament<\/strong> (tamissat i desarenatge), garantint una <strong>operativa segura, tra\u00e7able i conforme a la normativa vigent.<\/strong><\/p>\n<p>Es tracta d&#8217;un treball t\u00e8cnic i especialitzat que combina log\u00edstica, control ambiental i coordinaci\u00f3 operativa, i que \u00e9s imprescindible per assegurar <strong>que la depuradora funcioni de manera cont\u00ednua, eficient i sense incid\u00e8ncies.<\/strong><\/p>\n<p><em>Imatge de portada: Carles Fortuny \/ ACEVIN.<\/em><\/p>\n<div id=\"ez-toc-container\" class=\"ez-toc-v2_0_69_1 ez-toc-wrap-left counter-hierarchy ez-toc-counter ez-toc-custom ez-toc-container-direction\">\n<div class=\"ez-toc-title-container\">\n<p class=\"ez-toc-title\" style=\"cursor:inherit\">Contenido del art\u00edculo<\/p>\n<span class=\"ez-toc-title-toggle\"><a href=\"#\" class=\"ez-toc-pull-right ez-toc-btn ez-toc-btn-xs ez-toc-btn-default ez-toc-toggle\" aria-label=\"Toggle Table of Content\"><span class=\"ez-toc-js-icon-con\"><span class=\"\"><span class=\"eztoc-hide\" style=\"display:none;\">Toggle<\/span><span class=\"ez-toc-icon-toggle-span\"><svg style=\"fill: #696969;color:#696969\" xmlns=\"http:\/\/www.w3.org\/2000\/svg\" class=\"list-377408\" width=\"20px\" height=\"20px\" viewBox=\"0 0 24 24\" fill=\"none\"><path d=\"M6 6H4v2h2V6zm14 0H8v2h12V6zM4 11h2v2H4v-2zm16 0H8v2h12v-2zM4 16h2v2H4v-2zm16 0H8v2h12v-2z\" fill=\"currentColor\"><\/path><\/svg><svg style=\"fill: #696969;color:#696969\" class=\"arrow-unsorted-368013\" xmlns=\"http:\/\/www.w3.org\/2000\/svg\" width=\"10px\" height=\"10px\" viewBox=\"0 0 24 24\" version=\"1.2\" baseProfile=\"tiny\"><path d=\"M18.2 9.3l-6.2-6.3-6.2 6.3c-.2.2-.3.4-.3.7s.1.5.3.7c.2.2.4.3.7.3h11c.3 0 .5-.1.7-.3.2-.2.3-.5.3-.7s-.1-.5-.3-.7zM5.8 14.7l6.2 6.3 6.2-6.3c.2-.2.3-.5.3-.7s-.1-.5-.3-.7c-.2-.2-.4-.3-.7-.3h-11c-.3 0-.5.1-.7.3-.2.2-.3.5-.3.7s.1.5.3.7z\"\/><\/svg><\/span><\/span><\/span><\/a><\/span><\/div>\n<nav><ul class='ez-toc-list ez-toc-list-level-1 ' ><li class='ez-toc-page-1 ez-toc-heading-level-4'><a class=\"ez-toc-link ez-toc-heading-1\" href=\"https:\/\/tma.es\/ca\/gestio-residus-edar-vilafranca-penedes\/#QUE_ES_EL_PRETRACTAMENT_DUNA_EDAR_I_QUINS_RESIDUS_GENERA\" title=\"QU\u00c8 \u00c9S EL PRETRACTAMENT D&#8217;UNA EDAR I QUINS RESIDUS GENERA\">QU\u00c8 \u00c9S EL PRETRACTAMENT D&#8217;UNA EDAR I QUINS RESIDUS GENERA<\/a><\/li><li class='ez-toc-page-1 ez-toc-heading-level-4'><a class=\"ez-toc-link ez-toc-heading-2\" href=\"https:\/\/tma.es\/ca\/gestio-residus-edar-vilafranca-penedes\/#PER_QUE_ES_CLAU_EL_PRETRACTAMENT_EN_UNA_DEPURADORA\" title=\"PER QU\u00c8 \u00c9S CLAU EL PRETRACTAMENT EN UNA DEPURADORA\">PER QU\u00c8 \u00c9S CLAU EL PRETRACTAMENT EN UNA DEPURADORA<\/a><\/li><li class='ez-toc-page-1 ez-toc-heading-level-4'><a class=\"ez-toc-link ez-toc-heading-3\" href=\"https:\/\/tma.es\/ca\/gestio-residus-edar-vilafranca-penedes\/#COM_ES_GESTIONEN_ELS_RESIDUS_A_LEDAR_DE_VILAFRANCA_DEL_PENEDES\" title=\"COM ES GESTIONEN ELS RESIDUS A L&#8217;EDAR DE VILAFRANCA DEL PENED\u00c8S\">COM ES GESTIONEN ELS RESIDUS A L&#8217;EDAR DE VILAFRANCA DEL PENED\u00c8S<\/a><ul class='ez-toc-list-level-5' ><li class='ez-toc-heading-level-5'><a class=\"ez-toc-link ez-toc-heading-4\" href=\"https:\/\/tma.es\/ca\/gestio-residus-edar-vilafranca-penedes\/#Recollida_i_emmagatzematge_de_residus_a_la_depuradora\" title=\"Recollida i emmagatzematge de residus a la depuradora\">Recollida i emmagatzematge de residus a la depuradora<\/a><\/li><li class='ez-toc-page-1 ez-toc-heading-level-5'><a class=\"ez-toc-link ez-toc-heading-5\" href=\"https:\/\/tma.es\/ca\/gestio-residus-edar-vilafranca-penedes\/#Com_es_coordina_la_retirada_de_residus\" title=\"Com es coordina la retirada de residus\">Com es coordina la retirada de residus<\/a><\/li><li class='ez-toc-page-1 ez-toc-heading-level-5'><a class=\"ez-toc-link ez-toc-heading-6\" href=\"https:\/\/tma.es\/ca\/gestio-residus-edar-vilafranca-penedes\/#Transport_de_residus_i_compliment_de_la_normativa\" title=\"Transport de residus i compliment de la normativa\">Transport de residus i compliment de la normativa<\/a><\/li><li class='ez-toc-page-1 ez-toc-heading-level-5'><a class=\"ez-toc-link ez-toc-heading-7\" href=\"https:\/\/tma.es\/ca\/gestio-residus-edar-vilafranca-penedes\/#Que_passa_amb_els_residus_a_les_plantes_autoritzades\" title=\"Qu\u00e8 passa amb els residus a les plantes autoritzades\">Qu\u00e8 passa amb els residus a les plantes autoritzades<\/a><\/li><li class='ez-toc-page-1 ez-toc-heading-level-5'><a class=\"ez-toc-link ez-toc-heading-8\" href=\"https:\/\/tma.es\/ca\/gestio-residus-edar-vilafranca-penedes\/#Tracabilitat_i_control_documental_de_residus\" title=\"Tra\u00e7abilitat i control documental de residus\">Tra\u00e7abilitat i control documental de residus<\/a><\/li><li class='ez-toc-page-1 ez-toc-heading-level-5'><a class=\"ez-toc-link ez-toc-heading-9\" href=\"https:\/\/tma.es\/ca\/gestio-residus-edar-vilafranca-penedes\/#Seguretat_en_la_gestio_de_residus_de_lEDAR\" title=\"Seguretat en la gesti\u00f3 de residus de l&#8217;EDAR\">Seguretat en la gesti\u00f3 de residus de l&#8217;EDAR<\/a><\/li><\/ul><\/li><li class='ez-toc-page-1 ez-toc-heading-level-4'><a class=\"ez-toc-link ez-toc-heading-10\" href=\"https:\/\/tma.es\/ca\/gestio-residus-edar-vilafranca-penedes\/#BENEFICIS_DE_LA_GESTIO_DE_RESIDUS_DEL_PRETRACTAMENT_A_LEDAR_DE_VILAFRANCA\" title=\"BENEFICIS DE LA GESTI\u00d3 DE RESIDUS DEL PRETRACTAMENT A L&#8217;EDAR DE VILAFRANCA\">BENEFICIS DE LA GESTI\u00d3 DE RESIDUS DEL PRETRACTAMENT A L&#8217;EDAR DE VILAFRANCA<\/a><ul class='ez-toc-list-level-5' ><li class='ez-toc-heading-level-5'><a class=\"ez-toc-link ez-toc-heading-11\" href=\"https:\/\/tma.es\/ca\/gestio-residus-edar-vilafranca-penedes\/#Continuitat_del_servei_de_depuracio\" title=\"Continu\u00eftat del servei de depuraci\u00f3\">Continu\u00eftat del servei de depuraci\u00f3<\/a><\/li><li class='ez-toc-page-1 ez-toc-heading-level-5'><a class=\"ez-toc-link ez-toc-heading-12\" href=\"https:\/\/tma.es\/ca\/gestio-residus-edar-vilafranca-penedes\/#Reduccio_de_riscos_operatius_i_ambientals\" title=\"Reducci\u00f3 de riscos operatius i ambientals\">Reducci\u00f3 de riscos operatius i ambientals<\/a><\/li><li class='ez-toc-page-1 ez-toc-heading-level-5'><a class=\"ez-toc-link ez-toc-heading-13\" href=\"https:\/\/tma.es\/ca\/gestio-residus-edar-vilafranca-penedes\/#Compliment_normatiu_i_tracabilitat_completa\" title=\"Compliment normatiu i tra\u00e7abilitat completa\">Compliment normatiu i tra\u00e7abilitat completa<\/a><\/li><li class='ez-toc-page-1 ez-toc-heading-level-5'><a class=\"ez-toc-link ez-toc-heading-14\" href=\"https:\/\/tma.es\/ca\/gestio-residus-edar-vilafranca-penedes\/#Major_eficiencia_del_sistema_de_sanejament\" title=\"Major efici\u00e8ncia del sistema de sanejament\">Major efici\u00e8ncia del sistema de sanejament<\/a><\/li><\/ul><\/li><li class='ez-toc-page-1 ez-toc-heading-level-4'><a class=\"ez-toc-link ez-toc-heading-15\" href=\"https:\/\/tma.es\/ca\/gestio-residus-edar-vilafranca-penedes\/#COM_LA_GESTIO_DE_RESIDUS_DUNA_EDAR_CONTRIBUEIX_A_LA_SOSTENIBILITAT_DEL_TERRITORI\" title=\"COM LA GESTI\u00d3 DE RESIDUS D&#8217;UNA EDAR CONTRIBUEIX A LA SOSTENIBILITAT DEL TERRITORI\">COM LA GESTI\u00d3 DE RESIDUS D&#8217;UNA EDAR CONTRIBUEIX A LA SOSTENIBILITAT DEL TERRITORI<\/a><\/li><\/ul><\/nav><\/div>\n\n<h4><span class=\"ez-toc-section\" id=\"QUE_ES_EL_PRETRACTAMENT_DUNA_EDAR_I_QUINS_RESIDUS_GENERA\"><\/span><strong>QU\u00c8 \u00c9S EL PRETRACTAMENT D&#8217;UNA EDAR I QUINS RESIDUS GENERA<\/strong><span class=\"ez-toc-section-end\"><\/span><\/h4>\n<div id=\"attachment_25693\" style=\"width: 510px\" class=\"wp-caption alignright\"><img decoding=\"async\" aria-describedby=\"caption-attachment-25693\" class=\"wp-image-25693 lazyload\" data-src=\"http:\/\/tma.es\/wp-content\/uploads\/2026\/07\/edar-vilafranca-gestion-residuos-depuradora-sostenibilidad-3.png\" alt=\"Vista a\u00e9rea de una planta de tratamiento de aguas con clarificadores circulares y estructuras de depuraci\u00f3n.\" width=\"500\" height=\"306\" data-srcset=\"https:\/\/tma.es\/wp-content\/uploads\/2026\/07\/edar-vilafranca-gestion-residuos-depuradora-sostenibilidad-3.png 800w, https:\/\/tma.es\/wp-content\/uploads\/2026\/07\/edar-vilafranca-gestion-residuos-depuradora-sostenibilidad-3-300x183.png 300w, https:\/\/tma.es\/wp-content\/uploads\/2026\/07\/edar-vilafranca-gestion-residuos-depuradora-sostenibilidad-3-768x469.png 768w, https:\/\/tma.es\/wp-content\/uploads\/2026\/07\/edar-vilafranca-gestion-residuos-depuradora-sostenibilidad-3-700x428.png 700w\" data-sizes=\"(max-width: 500px) 100vw, 500px\" src=\"data:image\/svg+xml;base64,PHN2ZyB3aWR0aD0iMSIgaGVpZ2h0PSIxIiB4bWxucz0iaHR0cDovL3d3dy53My5vcmcvMjAwMC9zdmciPjwvc3ZnPg==\" style=\"--smush-placeholder-width: 500px; --smush-placeholder-aspect-ratio: 500\/306;\" \/><p id=\"caption-attachment-25693\" class=\"wp-caption-text\">Imatge: Mancomunitat Pened\u00e8s-Garraf<\/p><\/div>\n<p>El <strong>pretractament<\/strong> \u00e9s la primera fase del proc\u00e9s de depuraci\u00f3 d\u2019aig\u00fces residuals. La seva funci\u00f3 \u00e9s eliminar els s\u00f2lids m\u00e9s grans i les part\u00edcules minerals presents a l&#8217;aigua abans que aquesta continu\u00ef cap a les etapes biol\u00f2giques i de tractament avan\u00e7at.<\/p>\n<p>Quan l&#8217;aigua residual arriba a l&#8217;EDAR, ho fa acompanyada d&#8217;una barreja heterog\u00e8nia de materials arrossegats per la xarxa de clavegueram. Des de sorres i graves fins a fibres, pl\u00e0stics, restes org\u00e0niques i elements impropis que mai no haurien d&#8217;haver arribat al sistema.<\/p>\n<p>El pretractament \u00e9s la fase encarregada de separar aquests materials mitjan\u00e7ant dues operacions principals: <strong>el desbast i el desarenatge.<\/strong><\/p>\n<blockquote><p><em>El desbast consisteix en la retenci\u00f3 de s\u00f2lids gruixuts mitjan\u00e7ant reixes o tamisos. \u00c9s una operaci\u00f3 cont\u00ednua que actua com un filtre inicial i evita que objectes voluminosos o fibrosos facin malb\u00e9 bombes, v\u00e0lvules o equips posteriors.<\/em><\/p>\n<p><em>Per la seva banda, el desarenatge separa sorres, graves i part\u00edcules minerals que, si no es retiressin, provocarien abrasi\u00f3 en equips mec\u00e0nics i acumulacions indesitjades en canals i dip\u00f2sits.<\/em><\/p><\/blockquote>\n<p>Tots dos processos generen residus que s&#8217;han de retirar peri\u00f2dicament per garantir la continu\u00eftat del servei. Aquests residus es classifiquen com a industrials no perillosos.<\/p>\n<p>Encara que es tracta de<strong> residus inerts o no perillosos<\/strong>, requereixen una <strong>gesti\u00f3 espec\u00edfica en instal\u00b7lacions autoritzades per al correcte tractament i eliminaci\u00f3.<\/strong><\/p>\n<p>&nbsp;<\/p>\n<h4><span class=\"ez-toc-section\" id=\"PER_QUE_ES_CLAU_EL_PRETRACTAMENT_EN_UNA_DEPURADORA\"><\/span><strong>PER QU\u00c8 \u00c9S CLAU EL PRETRACTAMENT EN UNA DEPURADORA<\/strong><span class=\"ez-toc-section-end\"><\/span><\/h4>\n<div id=\"attachment_25690\" style=\"width: 510px\" class=\"wp-caption alignright\"><img decoding=\"async\" aria-describedby=\"caption-attachment-25690\" class=\"wp-image-25690 lazyload\" data-src=\"http:\/\/tma.es\/wp-content\/uploads\/2026\/07\/edar-vilafranca-gestion-residuos-depuradora-sostenibilidad-1.png\" alt=\"Infraestructura de depuraci\u00f3n con clarificador circular y puente decantador amarillo en una planta de tratamiento de aguas residuales.\" width=\"500\" height=\"306\" data-srcset=\"https:\/\/tma.es\/wp-content\/uploads\/2026\/07\/edar-vilafranca-gestion-residuos-depuradora-sostenibilidad-1.png 800w, https:\/\/tma.es\/wp-content\/uploads\/2026\/07\/edar-vilafranca-gestion-residuos-depuradora-sostenibilidad-1-300x183.png 300w, https:\/\/tma.es\/wp-content\/uploads\/2026\/07\/edar-vilafranca-gestion-residuos-depuradora-sostenibilidad-1-768x469.png 768w, https:\/\/tma.es\/wp-content\/uploads\/2026\/07\/edar-vilafranca-gestion-residuos-depuradora-sostenibilidad-1-700x428.png 700w\" data-sizes=\"(max-width: 500px) 100vw, 500px\" src=\"data:image\/svg+xml;base64,PHN2ZyB3aWR0aD0iMSIgaGVpZ2h0PSIxIiB4bWxucz0iaHR0cDovL3d3dy53My5vcmcvMjAwMC9zdmciPjwvc3ZnPg==\" style=\"--smush-placeholder-width: 500px; --smush-placeholder-aspect-ratio: 500\/306;\" \/><p id=\"caption-attachment-25690\" class=\"wp-caption-text\">Imatge: Industria Ambiente<\/p><\/div>\n<p>El <strong>pretractament<\/strong> \u00e9s una fase fonamental a qualsevol estaci\u00f3 depuradora d&#8217;aig\u00fces residuals (EDAR), ja que <strong>permet que tot el sistema de sanejament funcioni de manera correcta i estable<\/strong>. Tot i que \u00e9s un proc\u00e9s poc visible, t\u00e9 un impacte directe en l&#8217;efici\u00e8ncia de la planta i en la qualitat del tractament de l&#8217;aigua a l&#8217;EDAR de Vilafranca.<\/p>\n<p>A l&#8217;EDAR de Vilafranca del Pened\u00e8s, aquest proc\u00e9s \u00e9s especialment rellevant a causa de les caracter\u00edstiques de la xarxa de sanejament i de les variacions de cabal que es produeixen al llarg de l&#8217;any.<\/p>\n<p>El pretractament actua com a <strong>primera barrera de protecci\u00f3 de la depuradora<\/strong>. En aquesta fase s&#8217;eliminen s\u00f2lids gruixuts, sorres i altres materials que arriben amb l&#8217;aigua residual i que podrien fer malb\u00e9 equips o interferir en els processos biol\u00f2gics. Gr\u00e0cies a aix\u00f2, l&#8217;aigua pot continuar cap a les etapes seg\u00fcents en condicions molt m\u00e9s controlades dins del sistema de l&#8217;EDAR de Vilafranca.<\/p>\n<p>A m\u00e9s, una gesti\u00f3 correcta dels residus de la depuradora generats en aquesta fase \u00e9s clau per mantenir l&#8217;estabilitat del sistema. Quan les reixes, els canals i els desarenadors funcionen correctament, les bombes operen dins dels seus par\u00e0metres, el flux de l&#8217;aigua \u00e9s m\u00e9s uniforme i el tractament global \u00e9s m\u00e9s eficient. Aix\u00f2 es tradueix en una millor efici\u00e8ncia energ\u00e8tica, menys avaries i una durabilitat m\u00e9s gran dels equips.<\/p>\n<p>El pretractament tamb\u00e9 \u00e9s essencial en situacions cr\u00edtiques. Durant episodis de pluja intensa o increments puntuals de cabal, habituals a la xarxa de sanejament de Vilafranca, un sistema operatiu i ben mantingut permet absorbir aquestes variacions sense afectar el funcionament de l&#8217;EDAR de Vilafranca del Pened\u00e8s.<\/p>\n<div id=\"attachment_25699\" style=\"width: 510px\" class=\"wp-caption alignright\"><img decoding=\"async\" aria-describedby=\"caption-attachment-25699\" class=\"wp-image-25699 lazyload\" data-src=\"http:\/\/tma.es\/wp-content\/uploads\/2026\/07\/edar-vilafranca-gestion-residuos-depuradora-sostenibilidad-6.png\" alt=\"Vi\u00f1edo con hileras de vides en un paisaje natural con colinas al fondo.\" width=\"500\" height=\"306\" data-srcset=\"https:\/\/tma.es\/wp-content\/uploads\/2026\/07\/edar-vilafranca-gestion-residuos-depuradora-sostenibilidad-6.png 800w, https:\/\/tma.es\/wp-content\/uploads\/2026\/07\/edar-vilafranca-gestion-residuos-depuradora-sostenibilidad-6-300x183.png 300w, https:\/\/tma.es\/wp-content\/uploads\/2026\/07\/edar-vilafranca-gestion-residuos-depuradora-sostenibilidad-6-768x469.png 768w, https:\/\/tma.es\/wp-content\/uploads\/2026\/07\/edar-vilafranca-gestion-residuos-depuradora-sostenibilidad-6-700x428.png 700w\" data-sizes=\"(max-width: 500px) 100vw, 500px\" src=\"data:image\/svg+xml;base64,PHN2ZyB3aWR0aD0iMSIgaGVpZ2h0PSIxIiB4bWxucz0iaHR0cDovL3d3dy53My5vcmcvMjAwMC9zdmciPjwvc3ZnPg==\" style=\"--smush-placeholder-width: 500px; --smush-placeholder-aspect-ratio: 500\/306;\" \/><p id=\"caption-attachment-25699\" class=\"wp-caption-text\">Imatge: Ajuntament de Vilafranca del Pened\u00e8s<\/p><\/div>\n<p>Per\u00f2 la seva import\u00e0ncia no \u00e9s nom\u00e9s t\u00e8cnica. <strong>El funcionament correcte de la depuradora t\u00e9 un impacte directe en la poblaci\u00f3<\/strong>: ajuda a evitar incid\u00e8ncies a la xarxa de sanejament, redueix riscos ambientals i garanteix una correcta gesti\u00f3 de residus a la depuradora, protegint l&#8217;entorn on vivim.<\/p>\n<p>L\u2019objectiu final de tot el proc\u00e9s de depuraci\u00f3 a l\u2019EDAR de Vilafranca \u00e9s <strong>que l\u2019aigua pugui tornar al medi en condicions adequades<\/strong>. Despr\u00e9s del tractament, <strong>l&#8217;aigua es torna habitualment a rius, mar o aq\u00fc\u00edfers, contribuint a l&#8217;equilibri natural de l&#8217;entorn. <\/strong>En alguns casos <strong>tamb\u00e9 es pot reutilitzar per a reg agr\u00edcola, zones verdes o neteja urbana<\/strong>. Tot i aix\u00f2, <strong>no torna directament al consum dom\u00e8stic<\/strong>: nom\u00e9s en aplicacions molt concretes i amb tractaments avan\u00e7ats es pot destinar a usos espec\u00edfics, per\u00f2 no a l&#8217;aigua de l&#8217;aixeta.<\/p>\n<p>Per tot aix\u00f2, la gesti\u00f3 dels residus del pretractament a l&#8217;EDAR de Vilafranca del Pened\u00e8s \u00e9s <strong>un element clau dins del sistema de sanejament<\/strong>: garanteix l&#8217;efici\u00e8ncia operativa de la planta, millora la continu\u00eftat del servei i contribueix al benestar i la seguretat de la ciutadania.<\/p>\n<p>&nbsp;<\/p>\n<h4><span class=\"ez-toc-section\" id=\"COM_ES_GESTIONEN_ELS_RESIDUS_A_LEDAR_DE_VILAFRANCA_DEL_PENEDES\"><\/span><strong>COM ES GESTIONEN ELS RESIDUS A L&#8217;EDAR DE VILAFRANCA DEL PENED\u00c8S<\/strong><span class=\"ez-toc-section-end\"><\/span><\/h4>\n<p>La gesti\u00f3 dels residus del pretractament de l\u2019EDAR de Vilafranca del Pened\u00e8s no es limita a la retirada f\u00edsica del material. \u00c9s un servei integral que combina la log\u00edstica, la seguretat, la documentaci\u00f3, la coordinaci\u00f3 operativa i el compliment d&#8217;un marc normatiu exigent.<\/p>\n<p>Cada fase del proc\u00e9s est\u00e0 regulada i s&#8217;ha d&#8217;executar amb precisi\u00f3 per garantir que els residus es gestionen de manera segura i conforme a la legislaci\u00f3 vigent.<\/p>\n<h5><span class=\"ez-toc-section\" id=\"Recollida_i_emmagatzematge_de_residus_a_la_depuradora\"><\/span><strong>Recollida i emmagatzematge de residus a la depuradora<\/strong><span class=\"ez-toc-section-end\"><\/span><\/h5>\n<p>El servei comen\u00e7a amb la instal\u00b7laci\u00f3 de contenidors espec\u00edfics a l&#8217;EDAR, dissenyats per emmagatzemar els residus generats.<\/p>\n<p>Aquests contenidors han de garantir:<\/p>\n<ul>\n<li style=\"list-style-type: none;\">\n<ul>\n<li>Capacitat adequada segons la producci\u00f3.<\/li>\n<li>Seguretat en la manipulaci\u00f3.<\/li>\n<li>Compatibilitat amb el sistema de c\u00e0rrega del transport.<\/li>\n<\/ul>\n<\/li>\n<\/ul>\n<p>La freq\u00fc\u00e8ncia de recollida dep\u00e8n del cabal tractat i de factors externs com pluges intenses o treballs de neteja a la xarxa de sanejament, que poden incrementar significativament la generaci\u00f3 de residus.<\/p>\n<h5><span class=\"ez-toc-section\" id=\"Com_es_coordina_la_retirada_de_residus\"><\/span><strong>Com es coordina la retirada de residus<\/strong><span class=\"ez-toc-section-end\"><\/span><\/h5>\n<p>La retirada de contenidors es planifica en coordinaci\u00f3 amb el servei de sanejament per evitar interfer\u00e8ncies en l&#8217;operativa de la planta i garantir que els residus no s&#8217;acumulin m\u00e9s enll\u00e0 dels l\u00edmits operatius.<\/p>\n<p>Quan els contenidors estan plens o quan el servei de sanejament ho sol\u00b7licita, es programa la retirada.<\/p>\n<p>El proc\u00e9s inclou:<\/p>\n<ul>\n<li style=\"list-style-type: none;\">\n<ul>\n<li>Comunicaci\u00f3 pr\u00e8via.<\/li>\n<li>Programaci\u00f3 d\u2019accessos i maniobres.<\/li>\n<li>Autoritzaci\u00f3 operativa de l&#8217;EDAR.<\/li>\n<\/ul>\n<\/li>\n<\/ul>\n<p>La comunicaci\u00f3 pr\u00e8via permet planificar l&#8217;entrada de vehicles, organitzar els accessos i assegurar que la retirada es fa en condicions de seguretat.<\/p>\n<h5><span class=\"ez-toc-section\" id=\"Transport_de_residus_i_compliment_de_la_normativa\"><\/span><strong>Transport de residus i compliment de la normativa<\/strong><span class=\"ez-toc-section-end\"><\/span><\/h5>\n<p>TMA realitza el <strong>transport dels residus mitjan\u00e7ant vehicles autoritzats<\/strong> per al trasllat de residus industrials, equipats per evitar vessaments, emissions de pols o p\u00e8rdues de material.<\/p>\n<p>Durant el transport es garanteix:<\/p>\n<ul>\n<li style=\"list-style-type: none;\">\n<ul>\n<li>Cobertura adequada de la c\u00e0rrega.<\/li>\n<li>Senyalitzaci\u00f3 reglament\u00e0ria del vehicle.<\/li>\n<li>Formaci\u00f3 espec\u00edfica del personal per manipular residus industrials.<\/li>\n<li>Compliment normatiu sobre el trasllat de residus, seguint els protocols establerts per minimitzar qualsevol risc.<\/li>\n<\/ul>\n<\/li>\n<\/ul>\n<h5><span class=\"ez-toc-section\" id=\"Que_passa_amb_els_residus_a_les_plantes_autoritzades\"><\/span><strong>Qu\u00e8 passa amb els residus a les plantes autoritzades<\/strong><span class=\"ez-toc-section-end\"><\/span><\/h5>\n<p>Un cop a destinaci\u00f3, els residus se sotmeten a un <strong>proc\u00e9s de control<\/strong> que inclou:<\/p>\n<ul>\n<li style=\"list-style-type: none;\">\n<ul>\n<li>Inspecci\u00f3 visual.<\/li>\n<li>Pesatge en b\u00e0scula homologada.<\/li>\n<li>Verificaci\u00f3 documental.<\/li>\n<li>Comprovaci\u00f3 de criteris d\u2019admissi\u00f3.<\/li>\n<\/ul>\n<\/li>\n<\/ul>\n<p>Nom\u00e9s si compleixen els criteris d\u2019admissi\u00f3 poden ser dipositats. Aquest control garanteix que els residus es gestionen de manera adequada i que no es barregen amb materials que requereixin tractaments diferents.<\/p>\n<h5><span class=\"ez-toc-section\" id=\"Tracabilitat_i_control_documental_de_residus\"><\/span><strong>Tra\u00e7abilitat i control documental de residus<\/strong><span class=\"ez-toc-section-end\"><\/span><\/h5>\n<p>La tra\u00e7abilitat \u00e9s un element clau en la gesti\u00f3 de residus industrials. Cada moviment queda registrat des del seu origen fins a la destinaci\u00f3 final, perqu\u00e8 TMA garanteix transpar\u00e8ncia, seguretat jur\u00eddica i compliment normatiu.<\/p>\n<h5><span class=\"ez-toc-section\" id=\"Seguretat_en_la_gestio_de_residus_de_lEDAR\"><\/span><strong>Seguretat en la gesti\u00f3 de residus de l&#8217;EDAR<\/strong><span class=\"ez-toc-section-end\"><\/span><\/h5>\n<p>La gesti\u00f3 de residus en una EDAR implica riscos que cal controlar mitjan\u00e7ant protocols de seguretat, formaci\u00f3 del personal i \u00fas adequat d&#8217;equips de protecci\u00f3.<\/p>\n<p>Des de la manipulaci\u00f3 de contenidors fins a la circulaci\u00f3 de vehicles dins la planta, <strong>cada fase del proc\u00e9s s&#8217;executa amb criteris de prevenci\u00f3.<\/strong><\/p>\n<p>TMA garanteix <strong>la seguretat en la gesti\u00f3 de residus al voltant de diversos pilars:<\/strong><\/p>\n<ul>\n<li aria-level=\"1\">Formaci\u00f3 continuada del personal: l&#8217;equip hum\u00e0 est\u00e0 format en prevenci\u00f3 de riscos laborals, en l&#8217;\u00fas de maquin\u00e0ria i en els procediments d&#8217;actuaci\u00f3 davant d&#8217;incid\u00e8ncies.<\/li>\n<li aria-level=\"1\">Equips de protecci\u00f3 individual adequats.<\/li>\n<li aria-level=\"1\">Senyalitzaci\u00f3 clara i visible.<\/li>\n<li aria-level=\"1\">Manteniment preventiu de vehicles i maquin\u00e0ria, garantint que estiguin en perfecte estat.<\/li>\n<li aria-level=\"1\">Protocols d\u2019actuaci\u00f3 davant vessaments o incid\u00e8ncies, amb actuacions immediates per evitar riscos ambientals o laborals.<\/li>\n<li aria-level=\"1\">Coordinaci\u00f3 amb el personal de l&#8217;EDAR.<\/li>\n<\/ul>\n<p>La seguretat no \u00e9s un afegit al servei: \u00e9s un <strong>component estructural que garanteix que la gesti\u00f3 es fa sense comprometre la integritat de les persones ni de l&#8217;entorn.<\/strong><\/p>\n<p>&nbsp;<\/p>\n<h4><span class=\"ez-toc-section\" id=\"BENEFICIS_DE_LA_GESTIO_DE_RESIDUS_DEL_PRETRACTAMENT_A_LEDAR_DE_VILAFRANCA\"><\/span><strong>BENEFICIS DE LA GESTI\u00d3 DE RESIDUS DEL PRETRACTAMENT A L&#8217;EDAR DE VILAFRANCA<\/strong><span class=\"ez-toc-section-end\"><\/span><\/h4>\n<p><span style=\"font-weight: 400;\">La gesti\u00f3 dels residus del pretractament a l&#8217;EDAR de Vilafranca del Pened\u00e8s, realitzada per TMA, \u00e9s un servei clau per garantir el funcionament correcte del sistema de sanejament. Tot i que \u00e9s una tasca poc visible, el seu impacte \u00e9s directe en l&#8217;operativa di\u00e0ria de la planta i en la protecci\u00f3 de l&#8217;entorn.<\/span><\/p>\n<p><span style=\"font-weight: 400;\">Aquest treball permet que l&#8217;EDAR funcioni de manera estable i cont\u00ednua, assegurant que l&#8217;aigua pugui seguir el proc\u00e9s de depuraci\u00f3 sense interrupcions ni incid\u00e8ncies.<\/span><\/p>\n<h5><span class=\"ez-toc-section\" id=\"Continuitat_del_servei_de_depuracio\"><\/span><strong>Continu\u00eftat del servei de depuraci\u00f3<\/strong><span class=\"ez-toc-section-end\"><\/span><\/h5>\n<p>La retirada peri\u00f2dica dels residus de desbast i desarenatge <strong>evita acumulacions<\/strong> que podrien afectar el funcionament de la planta.<\/p>\n<p>Aix\u00f2 permet:<\/p>\n<ul>\n<li style=\"list-style-type: none;\">\n<ul>\n<li>Mantenir la capacitat hidr\u00e0ulica dels canals.<\/li>\n<li>Evitar obstruccions al sistema.<\/li>\n<li>Prevenir aturades no programades.<\/li>\n<\/ul>\n<\/li>\n<\/ul>\n<p>Gr\u00e0cies a aquesta gesti\u00f3, l&#8217;EDAR de Vilafranca del Pened\u00e8s pot operar de manera estable fins i tot en moments d&#8217;alta c\u00e0rrega.<\/p>\n<h5><span class=\"ez-toc-section\" id=\"Reduccio_de_riscos_operatius_i_ambientals\"><\/span><strong>Reducci\u00f3 de riscos operatius i ambientals<\/strong><span class=\"ez-toc-section-end\"><\/span><\/h5>\n<p>Una gesti\u00f3 correcta dels residus<strong> minimitza els riscos associats al pretractament.<\/strong><\/p>\n<p>Entre els principals beneficis destaquen:<\/p>\n<ul>\n<li aria-level=\"1\">Reducci\u00f3 de males olors i aparici\u00f3 d&#8217;insectes o plagues associades a l&#8217;acumulaci\u00f3 de residus.<\/li>\n<li aria-level=\"1\">Menor risc en la manipulaci\u00f3 de residus acumulats a la instal\u00b7laci\u00f3.<\/li>\n<li aria-level=\"1\">Prevenci\u00f3 de vessaments o p\u00e8rdues de material durant el transport.<\/li>\n<\/ul>\n<p>El treball de TMA garanteix una gesti\u00f3 controlada, segura i conforme els protocols establerts.<\/p>\n<h5><span class=\"ez-toc-section\" id=\"Compliment_normatiu_i_tracabilitat_completa\"><\/span><strong>Compliment normatiu i tra\u00e7abilitat completa<\/strong><span class=\"ez-toc-section-end\"><\/span><\/h5>\n<p>La gesti\u00f3 de residus industrials a l&#8217;EDAR de Vilafranca est\u00e0 regulada per una <strong>normativa estricta<\/strong>.<\/p>\n<p>El servei assegura:<\/p>\n<ul>\n<li style=\"list-style-type: none;\">\n<ul>\n<li>Tra\u00e7abilitat completa del residu des de l\u2019origen fins a la destinaci\u00f3.<\/li>\n<li>Documentaci\u00f3 mitjan\u00e7ant fulls de seguiment.<\/li>\n<li>Control de pesatges i verificaci\u00f3 en gestor autoritzat.<\/li>\n<li>Compliment de la normativa ambiental vigent.<\/li>\n<\/ul>\n<\/li>\n<\/ul>\n<p>Aix\u00f2 aporta seguretat jur\u00eddica i transpar\u00e8ncia en tot el proc\u00e9s.<\/p>\n<h5><span class=\"ez-toc-section\" id=\"Major_eficiencia_del_sistema_de_sanejament\"><\/span><strong>Major efici\u00e8ncia del sistema de sanejament<\/strong><span class=\"ez-toc-section-end\"><\/span><\/h5>\n<p>Una gesti\u00f3 correcta dels residus del pretractament <strong>millora el rendiment global de la depuradora<\/strong>.<\/p>\n<p>Aix\u00f2 es tradueix en:<\/p>\n<ul>\n<li style=\"list-style-type: none;\">\n<ul>\n<li>Menor desgast d&#8217;equips com bombes i bufadors.<\/li>\n<li>Reducci\u00f3 de costos de manteniment.<\/li>\n<li>Major efici\u00e8ncia energ\u00e8tica del sistema.<\/li>\n<li>Millor funcionament dels processos biol\u00f2gics posteriors.<\/li>\n<\/ul>\n<\/li>\n<\/ul>\n<ul>\n<li style=\"list-style-type: none;\"><\/li>\n<\/ul>\n<p>&nbsp;<\/p>\n<h4><span class=\"ez-toc-section\" id=\"COM_LA_GESTIO_DE_RESIDUS_DUNA_EDAR_CONTRIBUEIX_A_LA_SOSTENIBILITAT_DEL_TERRITORI\"><\/span><strong>COM LA GESTI\u00d3 DE RESIDUS D&#8217;UNA EDAR CONTRIBUEIX A LA SOSTENIBILITAT DEL TERRITORI<\/strong><span class=\"ez-toc-section-end\"><\/span><\/h4>\n<div id=\"attachment_25696\" style=\"width: 510px\" class=\"wp-caption alignright\"><img decoding=\"async\" aria-describedby=\"caption-attachment-25696\" class=\"wp-image-25696 lazyload\" data-src=\"http:\/\/tma.es\/wp-content\/uploads\/2026\/07\/edar-vilafranca-gestion-residuos-depuradora-sostenibilidad-5.png\" alt=\"Vi\u00f1edos en primer plano con una ciudad y torres hist\u00f3ricas visibles al fondo.\" width=\"500\" height=\"306\" data-srcset=\"https:\/\/tma.es\/wp-content\/uploads\/2026\/07\/edar-vilafranca-gestion-residuos-depuradora-sostenibilidad-5.png 800w, https:\/\/tma.es\/wp-content\/uploads\/2026\/07\/edar-vilafranca-gestion-residuos-depuradora-sostenibilidad-5-300x183.png 300w, https:\/\/tma.es\/wp-content\/uploads\/2026\/07\/edar-vilafranca-gestion-residuos-depuradora-sostenibilidad-5-768x469.png 768w, https:\/\/tma.es\/wp-content\/uploads\/2026\/07\/edar-vilafranca-gestion-residuos-depuradora-sostenibilidad-5-700x428.png 700w\" data-sizes=\"(max-width: 500px) 100vw, 500px\" src=\"data:image\/svg+xml;base64,PHN2ZyB3aWR0aD0iMSIgaGVpZ2h0PSIxIiB4bWxucz0iaHR0cDovL3d3dy53My5vcmcvMjAwMC9zdmciPjwvc3ZnPg==\" style=\"--smush-placeholder-width: 500px; --smush-placeholder-aspect-ratio: 500\/306;\" \/><p id=\"caption-attachment-25696\" class=\"wp-caption-text\">Imatge: Ajuntament de Vilafranca del Pened\u00e8s<\/p><\/div>\n<p>La gesti\u00f3 dels residus del pretractament a l&#8217;EDAR de Vilafranca del Pened\u00e8s \u00e9s un element clau per <strong>avan\u00e7ar cap a un model de sanejament sostenible<\/strong>. La seva aportaci\u00f3 no es limita a l\u00e0mbit ambiental: tamb\u00e9 enforteix l\u2019efici\u00e8ncia del sistema, millora la planificaci\u00f3 p\u00fablica i contribueix a la protecci\u00f3 de l\u2019entorn.<\/p>\n<p><strong>Una retirada i tractament adequats eviten que els materials impropis arribin al medi i ajuden a preservar la qualitat de l&#8217;aigua tractada<\/strong>, un recurs essencial per a l&#8217;equilibri de rius, aq\u00fc\u00edfers i ecosistemes locals. En un territori amb activitat agr\u00edcola, industrial i urbana aquest control \u00e9s fonamental per garantir un \u00fas responsable de l&#8217;aigua.<\/p>\n<p>La sostenibilitat tamb\u00e9 es construeix des de la informaci\u00f3. La tra\u00e7abilitat documental i el seguiment dels fluxos de residus generen dades que permeten anticipar necessitats, ajustar operatives i planificar el sistema de sanejament amb criteris m\u00e9s eficients. Aquesta visi\u00f3 basada en dades refor\u00e7a la capacitat del territori per adaptar-se a variacions de cabal o episodis de pluja intensa.<\/p>\n<p>A m\u00e9s, una gesti\u00f3 professionalitzada com la que realitza TMA r<strong>edueix impactes associats al transport, minimitza riscos operatius<\/strong> i assegura que cada residu arriba a la instal\u00b7laci\u00f3 adequada per al tractament. Aix\u00f2 contribueix a <strong>un model de gesti\u00f3 m\u00e9s transparent, responsable i alineat amb els principis d\u2019economia circular.<\/strong><\/p>\n<p>En conjunt, gestionar b\u00e9 els residus del pretractament ajuda a fer que tot el sistema de sanejament funcioni de forma m\u00e9s estable i eficient. Aix\u00f2 vol dir <strong>cuidar millor l&#8217;aigua, reduir l&#8217;impacte sobre l&#8217;entorn i assegurar que la depuradora pugui respondre sense problemes<\/strong> a les necessitats del territori els propers anys.<\/p>\n<p>&nbsp;<\/p>\n<p>&nbsp;<\/p>\n<p>Si necessites <strong>una gesti\u00f3 de residus eficient<\/strong>, adaptada a la teva activitat i alineada amb els teus objectius ambientals, estarem encantats d&#8217;ajudar-te.<\/p>\n<p>Escriu-nos a <a title=\"Contacta amb TMA\" href=\"mailto:comercial@tma.es\" target=\"_blank\" rel=\"noopener\"><strong>comercial@tma.es<\/strong><\/a> i et prepararem una proposta personalitzada.<\/p>\n<p>Descobreix els nostres serveis de <a title=\"Gesti\u00f3 integral de residus\" href=\"https:\/\/tma.es\/ca\/no-perillosos\/\" target=\"_blank\" rel=\"noopener\"><strong>gesti\u00f3 integral de residus<\/strong><\/a> i acompanya&#8217;ns pel cam\u00ed cap a un futur m\u00e9s sostenible.<\/p>\n<p>&nbsp;<\/p>\n<p><span style=\"color: #ff6600;\">Cuidem dels nostres clients i cuidem del medi ambient.<br \/>\nSom molt m\u00e9s que gesti\u00f3 integral de residus.\u00a0<\/span><\/p>\n<p>Segueix-no al <strong><a href=\"https:\/\/www.linkedin.com\/company\/tma-tecnologia-medio-ambiente\" target=\"_blank\" rel=\"noopener\">LinkedIn <\/a><\/strong>de TMA. Subscriu-te al nostre canal de<strong>\u00a0<a href=\"https:\/\/www.youtube.com\/@tecnologiaymedioambiente\" target=\"_blank\" rel=\"noopener\">Youtube<\/a>.<br \/>\n<\/strong><strong><a href=\"https:\/\/tma.es\/ca\/contacte\/\" target=\"_blank\" rel=\"noopener\">Contacta amb nosaltres<\/a><\/strong>, estarem encantats\/ades d&#8217;assessorar-te i informar-te.<\/p>\n","protected":false},"excerpt":{"rendered":"<p>El seu impacte \u00e9s directe en l&#8217;efici\u00e8ncia operativa, la protecci\u00f3 ambiental i la continu\u00eftat del servei p\u00fablic de l&#8217;aigua, i \u00e9s imprescindible perqu\u00e8 la depuradora funcioni de manera cont\u00ednua, eficient i sense incid\u00e8ncies.<\/p>\n","protected":false},"author":69,"featured_media":25725,"comment_status":"closed","ping_status":"open","sticky":false,"template":"","format":"standard","meta":{"_acf_changed":false,"footnotes":""},"categories":[49,59],"tags":[],"class_list":["post-25708","post","type-post","status-publish","format-standard","has-post-thumbnail","hentry","category-gestion-integral-de-residuos-ca","category-zerowaste-ca"],"acf":[],"post_mailing_queue_ids":[],"_links":{"self":[{"href":"https:\/\/tma.es\/ca\/wp-json\/wp\/v2\/posts\/25708","targetHints":{"allow":["GET"]}}],"collection":[{"href":"https:\/\/tma.es\/ca\/wp-json\/wp\/v2\/posts"}],"about":[{"href":"https:\/\/tma.es\/ca\/wp-json\/wp\/v2\/types\/post"}],"author":[{"embeddable":true,"href":"https:\/\/tma.es\/ca\/wp-json\/wp\/v2\/users\/69"}],"replies":[{"embeddable":true,"href":"https:\/\/tma.es\/ca\/wp-json\/wp\/v2\/comments?post=25708"}],"version-history":[{"count":7,"href":"https:\/\/tma.es\/ca\/wp-json\/wp\/v2\/posts\/25708\/revisions"}],"predecessor-version":[{"id":25722,"href":"https:\/\/tma.es\/ca\/wp-json\/wp\/v2\/posts\/25708\/revisions\/25722"}],"wp:featuredmedia":[{"embeddable":true,"href":"https:\/\/tma.es\/ca\/wp-json\/wp\/v2\/media\/25725"}],"wp:attachment":[{"href":"https:\/\/tma.es\/ca\/wp-json\/wp\/v2\/media?parent=25708"}],"wp:term":[{"taxonomy":"category","embeddable":true,"href":"https:\/\/tma.es\/ca\/wp-json\/wp\/v2\/categories?post=25708"},{"taxonomy":"post_tag","embeddable":true,"href":"https:\/\/tma.es\/ca\/wp-json\/wp\/v2\/tags?post=25708"}],"curies":[{"name":"wp","href":"https:\/\/api.w.org\/{rel}","templated":true}]}}