{"id":14692,"date":"2024-07-15T08:10:23","date_gmt":"2024-07-15T06:10:23","guid":{"rendered":"https:\/\/tma.es\/?p=14692"},"modified":"2024-12-24T12:01:54","modified_gmt":"2024-12-24T10:01:54","slug":"seguridad-contra-incendios-en-olesa-de-bonesvalls","status":"publish","type":"post","link":"https:\/\/tma.es\/ca\/seguridad-contra-incendios-en-olesa-de-bonesvalls\/","title":{"rendered":"Millorem la seguretat contra incendis a Olesa de Bonesvalls"},"content":{"rendered":"<div id=\"ez-toc-container\" class=\"ez-toc-v2_0_69_1 ez-toc-wrap-left counter-hierarchy ez-toc-counter ez-toc-custom ez-toc-container-direction\">\n<div class=\"ez-toc-title-container\">\n<p class=\"ez-toc-title\" style=\"cursor:inherit\">Contenido del art\u00edculo<\/p>\n<span class=\"ez-toc-title-toggle\"><a href=\"#\" class=\"ez-toc-pull-right ez-toc-btn ez-toc-btn-xs ez-toc-btn-default ez-toc-toggle\" aria-label=\"Toggle Table of Content\"><span class=\"ez-toc-js-icon-con\"><span class=\"\"><span class=\"eztoc-hide\" style=\"display:none;\">Toggle<\/span><span class=\"ez-toc-icon-toggle-span\"><svg style=\"fill: #696969;color:#696969\" xmlns=\"http:\/\/www.w3.org\/2000\/svg\" class=\"list-377408\" width=\"20px\" height=\"20px\" viewBox=\"0 0 24 24\" fill=\"none\"><path d=\"M6 6H4v2h2V6zm14 0H8v2h12V6zM4 11h2v2H4v-2zm16 0H8v2h12v-2zM4 16h2v2H4v-2zm16 0H8v2h12v-2z\" fill=\"currentColor\"><\/path><\/svg><svg style=\"fill: #696969;color:#696969\" class=\"arrow-unsorted-368013\" xmlns=\"http:\/\/www.w3.org\/2000\/svg\" width=\"10px\" height=\"10px\" viewBox=\"0 0 24 24\" version=\"1.2\" baseProfile=\"tiny\"><path d=\"M18.2 9.3l-6.2-6.3-6.2 6.3c-.2.2-.3.4-.3.7s.1.5.3.7c.2.2.4.3.7.3h11c.3 0 .5-.1.7-.3.2-.2.3-.5.3-.7s-.1-.5-.3-.7zM5.8 14.7l6.2 6.3 6.2-6.3c.2-.2.3-.5.3-.7s-.1-.5-.3-.7c-.2-.2-.4-.3-.7-.3h-11c-.3 0-.5.1-.7.3-.2.2-.3.5-.3.7s.1.5.3.7z\"\/><\/svg><\/span><\/span><\/span><\/a><\/span><\/div>\n<nav><ul class='ez-toc-list ez-toc-list-level-1 ' ><li class='ez-toc-page-1 ez-toc-heading-level-4'><a class=\"ez-toc-link ez-toc-heading-1\" href=\"https:\/\/tma.es\/ca\/seguridad-contra-incendios-en-olesa-de-bonesvalls\/#OBJECTIUS_I_ABAST_DEL_PROJECTE_A_OLESA_DE_BONESVALLS\" title=\"OBJECTIUS I ABAST DEL PROJECTE A OLESA DE BONESVALLS\">OBJECTIUS I ABAST DEL PROJECTE A OLESA DE BONESVALLS<\/a><ul class='ez-toc-list-level-6' ><li class='ez-toc-heading-level-6'><ul class='ez-toc-list-level-6' ><li class='ez-toc-heading-level-6'><a class=\"ez-toc-link ez-toc-heading-2\" href=\"https:\/\/tma.es\/ca\/seguridad-contra-incendios-en-olesa-de-bonesvalls\/#Fase_1_%E2%80%93_Construccio_de_vies_de_servei_i_arees_de_carrega\" title=\"Fase 1 \u2013 Construcci\u00f3 de vies de servei i \u00e0rees de c\u00e0rrega\">Fase 1 \u2013 Construcci\u00f3 de vies de servei i \u00e0rees de c\u00e0rrega<\/a><\/li><li class='ez-toc-page-1 ez-toc-heading-level-6'><a class=\"ez-toc-link ez-toc-heading-3\" href=\"https:\/\/tma.es\/ca\/seguridad-contra-incendios-en-olesa-de-bonesvalls\/#Fase_2_%E2%80%93_Reduccio_de_la_densitat_darbrat_i_esbrossada_del_sotabosc_al_nucli_urba_i_barri_de_lHospital_dOlesa_de_Bonesvalls\" title=\"Fase 2 &#8211; Reducci\u00f3 de la densitat d\u2019arbrat i esbrossada del sotabosc al nucli urb\u00e0 i barri de l\u2019Hospital d\u2019Olesa de Bonesvalls\">Fase 2 &#8211; Reducci\u00f3 de la densitat d\u2019arbrat i esbrossada del sotabosc al nucli urb\u00e0 i barri de l\u2019Hospital d\u2019Olesa de Bonesvalls<\/a><\/li><\/ul><\/li><\/ul><\/li><li class='ez-toc-page-1 ez-toc-heading-level-4'><a class=\"ez-toc-link ez-toc-heading-4\" href=\"https:\/\/tma.es\/ca\/seguridad-contra-incendios-en-olesa-de-bonesvalls\/#EXECUCIO_I_EXPERIENCIA\" title=\"EXECUCI\u00d3 I EXPERI\u00c8NCIA\">EXECUCI\u00d3 I EXPERI\u00c8NCIA<\/a><\/li><\/ul><\/nav><\/div>\n<p><span style=\"font-weight: 400;\">Espais Verds del Vall\u00e8s ha completat recentment un projecte per a l\u2019Ajuntament d\u2019Olesa de Bonesvalls. Aquesta iniciativa es va centrar a reduir la densitat d&#8217;arbrat, desbrossar el sotabosc i crear noves vies de servei a la zona perimetral al voltant del nucli urb\u00e0 i el barri de l\u2019Hospital d\u2019Olesa de Bonesvalls. L\u2019objectiu principal d\u2019aquests esfor\u00e7os \u00e9s <strong>prevenir incendis forestals i assegurar la seguretat i el benestar de la comunitat local.<\/strong><\/span><\/p>\n<p>&nbsp;<\/p>\n<h4><span class=\"ez-toc-section\" id=\"OBJECTIUS_I_ABAST_DEL_PROJECTE_A_OLESA_DE_BONESVALLS\"><\/span><strong>OBJECTIUS I ABAST DEL PROJECTE A OLESA DE BONESVALLS<\/strong><span class=\"ez-toc-section-end\"><\/span><\/h4>\n<p>&nbsp;<\/p>\n<p><span style=\"font-weight: 400;\">El projecte tenia com a objectiu crear una zona perimetral de baixa combustibilitat al voltant d\u2019Olesa de Bonesvalls. Aix\u00f2 es va planificar i va executar en dues fases principals: la construcci\u00f3 de vies de servei i \u00e0rees de c\u00e0rrega, seguit de la reducci\u00f3 de la densitat d\u2019arbrat i el desbrossament del sotabosc. Els treballs es van fer en cinc setmanes, amb tres setmanes dedicades a l&#8217;\u00e0rea urbana i dues setmanes al barri de l\u2019Hospital.<\/span><\/p>\n<p>&nbsp;<\/p>\n<h6><span class=\"ez-toc-section\" id=\"Fase_1_%E2%80%93_Construccio_de_vies_de_servei_i_arees_de_carrega\"><\/span><strong>Fase 1 \u2013 Construcci\u00f3 de vies de servei i \u00e0rees de c\u00e0rrega<\/strong><span class=\"ez-toc-section-end\"><\/span><\/h6>\n<p>&nbsp;<\/p>\n<p><strong>Planificaci\u00f3 i marcat<\/strong><\/p>\n<p><span style=\"font-weight: 400;\">El primer pas a la Fase 1 va ser la planificaci\u00f3 detallada i el marcatge de les vies de servei i les \u00e0rees de c\u00e0rrega. Aix\u00f2 va implicar la estreta col\u00b7laboraci\u00f3 entre l\u2019Ajuntament d\u2019Olesa de Bonesvalls i l\u2019equip d\u2019Espais Verds del Vall\u00e8s per assegurar que tot estigui correctament posicionat segons els pl\u00e0nols del projecte.<\/span><\/p>\n<p>&nbsp;<\/p>\n<h6><span class=\"ez-toc-section\" id=\"Fase_2_%E2%80%93_Reduccio_de_la_densitat_darbrat_i_esbrossada_del_sotabosc_al_nucli_urba_i_barri_de_lHospital_dOlesa_de_Bonesvalls\"><\/span><strong>Fase 2 &#8211; Reducci\u00f3 de la densitat d\u2019arbrat i esbrossada del sotabosc al nucli urb\u00e0 i barri de l\u2019Hospital d\u2019Olesa de Bonesvalls<\/strong><span class=\"ez-toc-section-end\"><\/span><\/h6>\n<p>&nbsp;<\/p>\n<p><strong>Planificaci\u00f3 i marcat<\/strong><\/p>\n<p><span style=\"font-weight: 400;\">Igual que a la Fase 1, el pas inicial va ser marcar els l\u00edmits de l\u2019\u00e0rea de treball, les ubicacions de les \u00e0rees de c\u00e0rrega i els arbres que s&#8217;havien de tallar.<\/span><\/p>\n<p>&nbsp;<\/p>\n<p><strong><img decoding=\"async\" class=\"alignright wp-image-14677 lazyload\" data-src=\"http:\/\/tma.es\/wp-content\/uploads\/2024\/06\/Olesa-de-Bonesvalls-3-300x183.png\" alt=\"\" width=\"500\" height=\"306\" data-srcset=\"https:\/\/tma.es\/wp-content\/uploads\/2024\/06\/Olesa-de-Bonesvalls-3-300x183.png 300w, https:\/\/tma.es\/wp-content\/uploads\/2024\/06\/Olesa-de-Bonesvalls-3-768x469.png 768w, https:\/\/tma.es\/wp-content\/uploads\/2024\/06\/Olesa-de-Bonesvalls-3-700x428.png 700w, https:\/\/tma.es\/wp-content\/uploads\/2024\/06\/Olesa-de-Bonesvalls-3.png 800w\" data-sizes=\"(max-width: 500px) 100vw, 500px\" src=\"data:image\/svg+xml;base64,PHN2ZyB3aWR0aD0iMSIgaGVpZ2h0PSIxIiB4bWxucz0iaHR0cDovL3d3dy53My5vcmcvMjAwMC9zdmciPjwvc3ZnPg==\" style=\"--smush-placeholder-width: 500px; --smush-placeholder-aspect-ratio: 500\/306;\" \/>Tala d\u2019arbres i prioritzaci\u00f3<br \/>\n<\/strong><\/p>\n<p><span style=\"font-weight: 400;\">La tala d\u2019arbres va seguir un conjunt de criteris:<\/span><\/p>\n<ul>\n<li><span style=\"font-weight: 400;\"><strong>Densitat m\u00e0xima:<\/strong> m\u00e0xim 150 arbres per hect\u00e0rea.<\/span><\/li>\n<li><span style=\"font-weight: 400;\"><strong>Requisits d\u2019espai:<\/strong> els arbres es van espaiar almenys 8 metres entre si, amb un m\u00ednim de 4 metres entre les copes dels arbres i la vora de les parcel\u00b7les edificades.<\/span><\/li>\n<li><span style=\"font-weight: 400;\"><strong>Esp\u00e8cies priorit\u00e0ries:<\/strong> els arbres es van talar segons la seva inflamabilitat, comen\u00e7ant amb les esp\u00e8cies m\u00e9s inflamables com el Pi blanc (Pinus halepensis) i progressant a esp\u00e8cies menys inflamables.<\/span><\/li>\n<\/ul>\n<p>&nbsp;<\/p>\n<p>&nbsp;<\/p>\n<p><strong>Maneig dels arbres especials<\/strong><\/p>\n<p><span style=\"font-weight: 400;\">Els arbres especials a prop d\u2019infraestructures requerien un maneig cur\u00f3s per evitar danys. Els m\u00e8todes inclo\u00efen:<\/span><\/p>\n<ul>\n<li><span style=\"font-weight: 400;\"><strong>Suport amb cables:<\/strong> els arbres es van assegurar amb cables subjectes a tractors o cabrestants, assegurant caigudes controlades.<\/span><\/li>\n<li><span style=\"font-weight: 400;\"><strong>Tala en al\u00e7ada:<\/strong> per a arbres de gran envergadura, es va utilitzar un cami\u00f3 grua amb cistella per tallar l\u2019arbre a seccions.<\/span><\/li>\n<\/ul>\n<p>&nbsp;<\/p>\n<p><strong>Desbrossament del sotabosc i \u00fas de les restes<\/strong><\/p>\n<p><span style=\"font-weight: 400;\">El desbrossament del sotabosc va implicar reduir la cobertura d\u2019arbustos a un m\u00e0xim del 15% en boscos madurs i un 35% en \u00e0rees de matoll i boscos joves. Les esp\u00e8cies es van prioritzar per eliminar-les segons la inflamabilitat.<\/span><\/p>\n<p>&nbsp;<\/p>\n<p><span style=\"font-weight: 400;\"><img decoding=\"async\" class=\"wp-image-14683 alignright lazyload\" data-src=\"http:\/\/tma.es\/wp-content\/uploads\/2024\/06\/Olesa-de-Bonesvalls-2-300x183.png\" alt=\"\" width=\"500\" height=\"306\" data-srcset=\"https:\/\/tma.es\/wp-content\/uploads\/2024\/06\/Olesa-de-Bonesvalls-2-300x183.png 300w, https:\/\/tma.es\/wp-content\/uploads\/2024\/06\/Olesa-de-Bonesvalls-2-768x469.png 768w, https:\/\/tma.es\/wp-content\/uploads\/2024\/06\/Olesa-de-Bonesvalls-2-700x428.png 700w, https:\/\/tma.es\/wp-content\/uploads\/2024\/06\/Olesa-de-Bonesvalls-2.png 800w\" data-sizes=\"(max-width: 500px) 100vw, 500px\" src=\"data:image\/svg+xml;base64,PHN2ZyB3aWR0aD0iMSIgaGVpZ2h0PSIxIiB4bWxucz0iaHR0cDovL3d3dy53My5vcmcvMjAwMC9zdmciPjwvc3ZnPg==\" style=\"--smush-placeholder-width: 500px; --smush-placeholder-aspect-ratio: 500\/306;\" \/><\/span><\/p>\n<p>&nbsp;<\/p>\n<p><span style=\"font-weight: 400;\">Tota la vegetaci\u00f3 esbrossada i les restes d\u2019arbres es van processar:<\/span><\/p>\n<ul>\n<li><span style=\"font-weight: 400;\"><strong>Estellat in situ:<\/strong> la vegetaci\u00f3 es va estellar en peces no majors de 20 cent\u00edmetres, que es van distribuir uniformement per prevenir el rebrot.<\/span><\/li>\n<li><span style=\"font-weight: 400;\"><strong>Carregadors:<\/strong> les restes de la tala d\u2019arbres es van transportar a \u00e0rees de c\u00e0rrega designades per a un processament addicional, assegurant que no impactessin les vies o \u00e0rees p\u00fabliques.<\/span><\/li>\n<\/ul>\n<p>&nbsp;<\/p>\n<p>&nbsp;<\/p>\n<p>&nbsp;<\/p>\n<h4><span class=\"ez-toc-section\" id=\"EXECUCIO_I_EXPERIENCIA\"><\/span><strong>EXECUCI\u00d3 I EXPERI\u00c8NCIA<\/strong><span class=\"ez-toc-section-end\"><\/span><\/h4>\n<p>&nbsp;<\/p>\n<p><strong>Cronograma i equip hum\u00e0 d\u2019Espais Verds del Vall\u00e8s<\/strong><\/p>\n<p><span style=\"font-weight: 400;\">El projecte es va executar dins del cronograma estipulat, amb feines a l\u2019\u00e0rea urbana completades en tres setmanes i al barri de l\u2019Hospital. en dues setmanes. L\u2019equip hum\u00e0 d\u2019Espais Verds del Vall\u00e8s estava compost per professionals amb formaci\u00f3 especialitzada en operacions forestals, assegurant el compliment de les normes de seguretat i mediambientals.<\/span><\/p>\n<p>&nbsp;<\/p>\n<p><strong>Equipament i maquin\u00e0ria<\/strong><\/p>\n<p><span style=\"font-weight: 400;\">Espais Verds va utilitzar una varietat de maquin\u00e0ria, inclosos tractors, cabrestants, camions grua i estelladores, per executar els treballs de manera eficient i segura.<\/span><\/p>\n<p><span style=\"font-weight: 400;\">Espais Verds del Vall\u00e8s, una vegada m\u00e9s, ha demostrat la seva <strong>experi\u00e8ncia en reduir els riscos d\u2019incendis<\/strong> al voltant d\u2019Olesa de Bonesvalls, millorant la seguretat de la comunitat i demostrant el comprom\u00eds amb la preservaci\u00f3 i la gesti\u00f3 d&#8217;espais naturals.<\/span><\/p>\n<p>&nbsp;<\/p>\n<p><b>Cuidem els nostres clients i cuidem el medi ambient.<br \/>\n<\/b><b>Som molt m\u00e9s que gesti\u00f3 integral de residus.\u00a0<\/b><\/p>\n<p>&nbsp;<\/p>\n<p><b>Vols realitzar una gesti\u00f3 de residus eficient i necessites m\u00e9s informaci\u00f3 sobre els serveis que realitzem des de TMA? <\/b><span style=\"font-weight: 400;\">Escriu-nos a espaisverds@tma.es i estarem encantats de fer-te una proposta personalitzada, completament adaptada a les teves necessitats.<\/span><\/p>\n<p>&nbsp;<\/p>\n<p>Descobreix els nostres serveis de <a href=\"http:\/\/tma.es\/ca\/espais-verds-jardineria\/\" target=\"_blank\" rel=\"noopener\"><b>Jardineria.<\/b><\/a><\/p>\n<p>Segueix-nos al <strong><a href=\"https:\/\/www.linkedin.com\/company\/tma-tecnologia-medio-ambiente\" target=\"_blank\" rel=\"noopener\">LinkedIn <\/a><\/strong>de TMA. Subscriu-te al nostre canal de<strong>\u00a0<a href=\"https:\/\/www.youtube.com\/@tecnologiaymedioambiente\" target=\"_blank\" rel=\"noopener\">Youtube<\/a>.<\/strong><\/p>\n<p><strong><a href=\"http:\/\/tma.es\/ca\/contacte\/\" target=\"_blank\" rel=\"noopener\">Contacta amb nosaltres<\/a><\/strong>, estarem encantats d&#8217;assessorar-te i informar-te.<\/p>\n<p>&nbsp;<\/p>\n","protected":false},"excerpt":{"rendered":"<p>Espais Verds del Vall\u00e8s ha completat un projecte per prevenir els incendis forestals al centre urb\u00e0 d&#8217;Olesa de Bonesvalls i al barri de l&#8217;hospital.<\/p>\n","protected":false},"author":69,"featured_media":14669,"comment_status":"closed","ping_status":"open","sticky":false,"template":"","format":"standard","meta":{"_acf_changed":false,"footnotes":""},"categories":[308,51],"tags":[],"class_list":["post-14692","post","type-post","status-publish","format-standard","has-post-thumbnail","hentry","category-jardineria-ca","category-informacion-corporativa-ca"],"acf":[],"post_mailing_queue_ids":[],"_links":{"self":[{"href":"https:\/\/tma.es\/ca\/wp-json\/wp\/v2\/posts\/14692","targetHints":{"allow":["GET"]}}],"collection":[{"href":"https:\/\/tma.es\/ca\/wp-json\/wp\/v2\/posts"}],"about":[{"href":"https:\/\/tma.es\/ca\/wp-json\/wp\/v2\/types\/post"}],"author":[{"embeddable":true,"href":"https:\/\/tma.es\/ca\/wp-json\/wp\/v2\/users\/69"}],"replies":[{"embeddable":true,"href":"https:\/\/tma.es\/ca\/wp-json\/wp\/v2\/comments?post=14692"}],"version-history":[{"count":5,"href":"https:\/\/tma.es\/ca\/wp-json\/wp\/v2\/posts\/14692\/revisions"}],"predecessor-version":[{"id":17550,"href":"https:\/\/tma.es\/ca\/wp-json\/wp\/v2\/posts\/14692\/revisions\/17550"}],"wp:featuredmedia":[{"embeddable":true,"href":"https:\/\/tma.es\/ca\/wp-json\/wp\/v2\/media\/14669"}],"wp:attachment":[{"href":"https:\/\/tma.es\/ca\/wp-json\/wp\/v2\/media?parent=14692"}],"wp:term":[{"taxonomy":"category","embeddable":true,"href":"https:\/\/tma.es\/ca\/wp-json\/wp\/v2\/categories?post=14692"},{"taxonomy":"post_tag","embeddable":true,"href":"https:\/\/tma.es\/ca\/wp-json\/wp\/v2\/tags?post=14692"}],"curies":[{"name":"wp","href":"https:\/\/api.w.org\/{rel}","templated":true}]}}